{"id":497,"date":"2022-04-06T12:26:46","date_gmt":"2022-04-06T12:26:46","guid":{"rendered":"https:\/\/kjerumgaard.com\/blog\/?p=497"},"modified":"2022-04-06T12:53:52","modified_gmt":"2022-04-06T12:53:52","slug":"podcast-episode-4-den-politiske-pub","status":"publish","type":"post","link":"https:\/\/kjerumgaard.com\/blog\/podcast-episode-4-den-politiske-pub\/","title":{"rendered":"Podcast episode 4: Den politiske pub"},"content":{"rendered":"<p>I denne uge, har Martin Geertsen og Jacob Kjerumgaard f\u00e5et bes\u00f8g af Stinus Lindgreen som sidder i Folketinget for de Radikale.<\/p>\n<p>Stinus Lindgreen er bl.a. de Radikales sundhedsordf\u00f8rer og derfor skal forhandlingerne om sundhedsreformen selvf\u00f8lelig diskuteres. Jacob Kjerumgaard fors\u00f8ger, at f\u00e5r de to sundhedsordf\u00f8rere til at komme med en l\u00f8sning p\u00e5 udfordringerne i sundhedsv\u00e6senet, nu de alligevel sidder sammen og drikker en \u00f8l.<\/p>\n<p>De snakker ogs\u00e5 om den kommende afstemning om forsvarsforbeholdet, om de Ukrainske flygtninge og ikke mindst om Will Smith der slog Chris Rock for \u00e5ben sk\u00e6rm til Oscar uddelingen.<\/p>\n\n\t\t\t<style type=\"text\/css\"><\/style>\n\t\t\t<div id=\"pp-podcast-4295\" class=\"pp-podcast has-header header-hidden has-featured playerview media-audio\"  data-teaser=\"\" data-elength=\"18\" data-eunit=\"\" data-ppsdata=\"{&quot;ppe-4295-1&quot;:{&quot;title&quot;:&quot;Episode 11 med Besk\\u00e6ftigelses- og integrationsborgmester Jens-Kristian L\\u00fctken &#8211; Den politiske pub&quot;,&quot;description&quot;:&quot;&lt;p&gt;Episode 11 med Besk\\u00e6ftigelses- og integrationsborgmester Jens-Kristian L\\u00fctken &#8211; Den politiske pub&lt;\\\/p&gt;\\n&quot;,&quot;author&quot;:&quot;Kjerumgaard.com&quot;,&quot;date&quot;:&quot;June 12, 2022&quot;,&quot;link&quot;:&quot;https:\\\/\\\/podcasters.spotify.com\\\/pod\\\/show\\\/jacob-kjerumgaard\\\/episodes\\\/Episode-11-med-Beskftigelses--og-integrationsborgmester-Jens-Kristian-Ltken---Den-politiske-pub-e1jrfko&quot;,&quot;src&quot;:&quot;https:\\\/\\\/anchor.fm\\\/s\\\/89c79f28\\\/podcast\\\/play\\\/53378136\\\/https%3A%2F%2Fd3ctxlq1ktw2nl.cloudfront.net%2Fstaging%2F2022-5-12%2F271217279-44100-2-2010fa7454552.m4a&quot;,&quot;featured&quot;:&quot;https:\\\/\\\/kjerumgaard.com\\\/blog\\\/wp-content\\\/uploads\\\/2022\\\/04\\\/23015610-1647209431784-23c4534f57fbd.jpg&quot;,&quot;mediatype&quot;:&quot;audio&quot;,&quot;duration&quot;:&quot;59:31&quot;,&quot;featured_id&quot;:512,&quot;key&quot;:&quot;733801feee70c0c9d4884249a5728cdc&quot;,&quot;fset&quot;:&quot;https:\\\/\\\/kjerumgaard.com\\\/blog\\\/wp-content\\\/uploads\\\/2022\\\/04\\\/23015610-1647209431784-23c4534f57fbd.jpg 400w, https:\\\/\\\/kjerumgaard.com\\\/blog\\\/wp-content\\\/uploads\\\/2022\\\/04\\\/23015610-1647209431784-23c4534f57fbd-300x300.jpg 300w, https:\\\/\\\/kjerumgaard.com\\\/blog\\\/wp-content\\\/uploads\\\/2022\\\/04\\\/23015610-1647209431784-23c4534f57fbd-150x150.jpg 150w&quot;,&quot;fratio&quot;:1},&quot;ppe-4295-2&quot;:{&quot;title&quot;:&quot;Jakob Ellemann-Jensen &#8211; Episode 10 af Den politiske pub&quot;,&quot;description&quot;:&quot;&lt;p&gt;I denne episode har vi Venstres formand Jakob Ellemann-Jensen med. Vi taler selvf\\u00f8lgelig om folkeafstemningen om forsvarsforbeholdet. Vi taler ogs\\u00e5 om krigen i Ukraine og meget mere.&lt;\\\/p&gt;\\n&lt;p&gt;Den politiske pub er produceret af &lt;a href=\\&quot;https:\\\/\\\/kjerumgaard.com\\\/videoproduktion\\\/\\&quot; target=\\&quot;_blank\\&quot;&gt;Kjerumgaard.com&lt;\\\/a&gt;&lt;\\\/p&gt;\\n&quot;,&quot;author&quot;:&quot;Kjerumgaard.com&quot;,&quot;date&quot;:&quot;June 7, 2022&quot;,&quot;link&quot;:&quot;https:\\\/\\\/podcasters.spotify.com\\\/pod\\\/show\\\/jacob-kjerumgaard\\\/episodes\\\/Jakob-Ellemann-Jensen---Episode-10-af-Den-politiske-pub-e1jk5k1&quot;,&quot;src&quot;:&quot;https:\\\/\\\/anchor.fm\\\/s\\\/89c79f28\\\/podcast\\\/play\\\/53138497\\\/https%3A%2F%2Fd3ctxlq1ktw2nl.cloudfront.net%2Fstaging%2F2022-5-7%2F270256274-44100-2-fbe7ef70c6ae5.m4a&quot;,&quot;featured&quot;:&quot;https:\\\/\\\/kjerumgaard.com\\\/blog\\\/wp-content\\\/uploads\\\/2022\\\/04\\\/23015610-1647209431784-23c4534f57fbd.jpg&quot;,&quot;mediatype&quot;:&quot;audio&quot;,&quot;duration&quot;:&quot;48:14&quot;,&quot;featured_id&quot;:512,&quot;key&quot;:&quot;825c54050cba4ae1ef3d4d29fee03817&quot;,&quot;fset&quot;:&quot;https:\\\/\\\/kjerumgaard.com\\\/blog\\\/wp-content\\\/uploads\\\/2022\\\/04\\\/23015610-1647209431784-23c4534f57fbd.jpg 400w, https:\\\/\\\/kjerumgaard.com\\\/blog\\\/wp-content\\\/uploads\\\/2022\\\/04\\\/23015610-1647209431784-23c4534f57fbd-300x300.jpg 300w, https:\\\/\\\/kjerumgaard.com\\\/blog\\\/wp-content\\\/uploads\\\/2022\\\/04\\\/23015610-1647209431784-23c4534f57fbd-150x150.jpg 150w&quot;,&quot;fratio&quot;:1},&quot;ppe-4295-3&quot;:{&quot;title&quot;:&quot;Episode 9 af Den Politiske pub med Karsten Lauritzen&quot;,&quot;description&quot;:&quot;&lt;p&gt;Endnu en gang har vi placeret os i midten af K\\u00f8benhavn p\\u00e5 cafe Skaal p\\u00e5 Kuldtovet. Vi har bes\\u00f8g af Karsten Lauritzen som er tidligere medlem af Folketinget for Venstre. Vi diskutere Statsministerens nye podcast, den nye aftale om 25 sundhedshuse, gymnasieaftalen og at Finland og Sverige vil s\\u00f8ge om medlemskab af NATO. Sidst kommer vi lige rundt om Kristendemokraternes udfordringer.&lt;\\\/p&gt;\\n&lt;p&gt;Link til den artikel Martin omtaler: &lt;a href=\\&quot;https:\\\/\\\/www.bt.dk\\\/politik\\\/venstre-loeve-begaar-politisk-selvmord?fbclid=IwAR0DR0HvJY_N9eB4t589eHzQygyr9yXJzbyQU2ppTo3n504_x8NVQLyTels\\&quot; rel=\\&quot;nofollow noopener\\&quot; target=\\&quot;_blank\\&quot;&gt;https:\\\/\\\/www.bt.dk\\\/politik\\\/venstre-loeve-begaar-politisk-selvmord&lt;\\\/a&gt;&lt;\\\/p&gt;\\n&lt;p&gt;Denne podcast er produceret af &lt;a href=\\&quot;https:\\\/\\\/kjerumgaard.com\\&quot; target=\\&quot;_blank\\&quot;&gt;Kjerumgaard.com&lt;\\\/a&gt;&lt;\\\/p&gt;\\n&quot;,&quot;author&quot;:&quot;Kjerumgaard.com&quot;,&quot;date&quot;:&quot;May 23, 2022&quot;,&quot;link&quot;:&quot;https:\\\/\\\/podcasters.spotify.com\\\/pod\\\/show\\\/jacob-kjerumgaard\\\/episodes\\\/Episode-9-af-Den-Politiske-pub-med-Karsten-Lauritzen-e1iu18q&quot;,&quot;src&quot;:&quot;https:\\\/\\\/anchor.fm\\\/s\\\/89c79f28\\\/podcast\\\/play\\\/52413146\\\/https%3A%2F%2Fd3ctxlq1ktw2nl.cloudfront.net%2Fstaging%2F2022-4-23%2F267280681-44100-2-f934633ced466.m4a&quot;,&quot;featured&quot;:&quot;https:\\\/\\\/kjerumgaard.com\\\/blog\\\/wp-content\\\/uploads\\\/2022\\\/04\\\/23015610-1647209431784-23c4534f57fbd.jpg&quot;,&quot;mediatype&quot;:&quot;audio&quot;,&quot;duration&quot;:&quot;01:00:40&quot;,&quot;featured_id&quot;:512,&quot;key&quot;:&quot;669903f38371137500c382766b5ec09b&quot;,&quot;fset&quot;:&quot;https:\\\/\\\/kjerumgaard.com\\\/blog\\\/wp-content\\\/uploads\\\/2022\\\/04\\\/23015610-1647209431784-23c4534f57fbd.jpg 400w, https:\\\/\\\/kjerumgaard.com\\\/blog\\\/wp-content\\\/uploads\\\/2022\\\/04\\\/23015610-1647209431784-23c4534f57fbd-300x300.jpg 300w, https:\\\/\\\/kjerumgaard.com\\\/blog\\\/wp-content\\\/uploads\\\/2022\\\/04\\\/23015610-1647209431784-23c4534f57fbd-150x150.jpg 150w&quot;,&quot;fratio&quot;:1},&quot;ppe-4295-4&quot;:{&quot;title&quot;:&quot;Episode 8 af Den politiske pub &#8211; med VUs formand Maria Ladegaard&quot;,&quot;description&quot;:&quot;&lt;p&gt;Episode 8 af Den politiske pub &#8211; med VUs formand Maria Ladegaard&lt;\\\/p&gt;\\n&lt;p&gt;&lt;\\\/p&gt;\\n&lt;p&gt;&lt;\\\/p&gt;\\n&quot;,&quot;author&quot;:&quot;Kjerumgaard.com&quot;,&quot;date&quot;:&quot;May 14, 2022&quot;,&quot;link&quot;:&quot;https:\\\/\\\/podcasters.spotify.com\\\/pod\\\/show\\\/jacob-kjerumgaard\\\/episodes\\\/Episode-8-af-Den-politiske-pub---med-VUs-formand-Maria-Ladegaard-e1ihci5&quot;,&quot;src&quot;:&quot;https:\\\/\\\/anchor.fm\\\/s\\\/89c79f28\\\/podcast\\\/play\\\/51998725\\\/https%3A%2F%2Fd3ctxlq1ktw2nl.cloudfront.net%2Fstaging%2F2022-4-14%2F265530974-44100-2-84aeea385d78f.m4a&quot;,&quot;featured&quot;:&quot;https:\\\/\\\/kjerumgaard.com\\\/blog\\\/wp-content\\\/uploads\\\/2022\\\/04\\\/23015610-1647209431784-23c4534f57fbd.jpg&quot;,&quot;mediatype&quot;:&quot;audio&quot;,&quot;duration&quot;:&quot;01:13:50&quot;,&quot;featured_id&quot;:512,&quot;key&quot;:&quot;be173d14de87291b26b60a0df5e174f7&quot;,&quot;fset&quot;:&quot;https:\\\/\\\/kjerumgaard.com\\\/blog\\\/wp-content\\\/uploads\\\/2022\\\/04\\\/23015610-1647209431784-23c4534f57fbd.jpg 400w, https:\\\/\\\/kjerumgaard.com\\\/blog\\\/wp-content\\\/uploads\\\/2022\\\/04\\\/23015610-1647209431784-23c4534f57fbd-300x300.jpg 300w, https:\\\/\\\/kjerumgaard.com\\\/blog\\\/wp-content\\\/uploads\\\/2022\\\/04\\\/23015610-1647209431784-23c4534f57fbd-150x150.jpg 150w&quot;,&quot;fratio&quot;:1},&quot;ppe-4295-5&quot;:{&quot;title&quot;:&quot;Episode 7 med Rikke Hvilsh\\u00f8j&quot;,&quot;description&quot;:&quot;&lt;p&gt;\\u201cDen Politiske Pub\\u201d &#8211; afsnit 7 &#8211; med Rikke Hvilsh\\u00f8j&lt;\\\/p&gt;\\n&lt;p&gt;Fra Caf\\u00e9 SKAAL midt i K\\u00f8benhavn sender Jacob Kjerumgaard og jeg 7. afsnit af vores podcast \\u201cDen politiske Pub\\u201d. Denne gang med tidl. minister og direkt\\u00f8r i Dansk IT, Rikke Hvilsh\\u00f8j, som er med p\\u00e5 sin f\\u00f8dselsdag \\ud83c\\udde9\\ud83c\\uddf0 Og for f\\u00f8rste gang er vi rykket udend\\u00f8rs \\ud83c\\udf1e&lt;\\\/p&gt;\\n&lt;p&gt;Hvad f\\u00e5r Nick H\\u00e6kkerup og mange andre til at forlade politik? Er det (for) h\\u00e5rdt i dansk politik eller er der for meget piveri? Vi n\\u00e5r rundt om regeringens forslag om at fordele gymnasie- og folkeskoleelever efter for\\u00e6ldres indkomst. Vi kommer rundt om den helt forf\\u00e6rdelige sag om ben-amputationer i det midtjyske. Der bliver ogs\\u00e5 plads til at dr\\u00f8fte IT i den offentlige sektor, som Rikke qua sin tidligere stilling f\\u00f8ler meget for. &lt;\\\/p&gt;\\n&lt;p&gt;Lyt med her eller hvor du ellers lytter til dine podcast \\ud83d\\udcfb\\ud83d\\ude09&lt;\\\/p&gt;\\n&quot;,&quot;author&quot;:&quot;Kjerumgaard.com&quot;,&quot;date&quot;:&quot;May 7, 2022&quot;,&quot;link&quot;:&quot;https:\\\/\\\/podcasters.spotify.com\\\/pod\\\/show\\\/jacob-kjerumgaard\\\/episodes\\\/Episode-7-med-Rikke-Hvilshj-e1i4qg7&quot;,&quot;src&quot;:&quot;https:\\\/\\\/anchor.fm\\\/s\\\/89c79f28\\\/podcast\\\/play\\\/51587015\\\/https%3A%2F%2Fd3ctxlq1ktw2nl.cloudfront.net%2Fstaging%2F2022-4-5%2F263807254-44100-2-0ee96d31e3a39.m4a&quot;,&quot;featured&quot;:&quot;https:\\\/\\\/kjerumgaard.com\\\/blog\\\/wp-content\\\/uploads\\\/2022\\\/04\\\/23015610-1647209431784-23c4534f57fbd.jpg&quot;,&quot;mediatype&quot;:&quot;audio&quot;,&quot;duration&quot;:&quot;01:02:32&quot;,&quot;featured_id&quot;:512,&quot;key&quot;:&quot;7ab71bb7f42e2ff7ae2ae5f93c8f1916&quot;,&quot;fset&quot;:&quot;https:\\\/\\\/kjerumgaard.com\\\/blog\\\/wp-content\\\/uploads\\\/2022\\\/04\\\/23015610-1647209431784-23c4534f57fbd.jpg 400w, https:\\\/\\\/kjerumgaard.com\\\/blog\\\/wp-content\\\/uploads\\\/2022\\\/04\\\/23015610-1647209431784-23c4534f57fbd-300x300.jpg 300w, https:\\\/\\\/kjerumgaard.com\\\/blog\\\/wp-content\\\/uploads\\\/2022\\\/04\\\/23015610-1647209431784-23c4534f57fbd-150x150.jpg 150w&quot;,&quot;fratio&quot;:1},&quot;ppe-4295-6&quot;:{&quot;title&quot;:&quot;Episode 6 med Sophie L\\u00f8hde &#8211; Den politiske pub&quot;,&quot;description&quot;:&quot;&lt;p&gt;I denne uge har Martin Geertsen og Jacob Kjerumgaard, politiskordf\\u00f8rer Sophie L\\u00f8hde fra Venstre med som g\\u00e6st.&nbsp;&lt;\\\/p&gt;\\n&lt;p&gt;Her taler de om Ukraine og forsvarsforbeholdet. De to garvede Venstrepolitiker, fors\\u00f8ger at overbevise Jacob Kjerumgaard om at han skal stemme ja, ved den kommende afstemning.&lt;\\\/p&gt;\\n&lt;p&gt;De taler ogs\\u00e5 om Rasmus Paludan og hans demonstrationer i Sverige, som har skabt enorme reaktioner.&lt;\\\/p&gt;\\n&lt;p&gt;Der tales ogs\\u00e5 om FE-sagen, hvor Venstre presser p\\u00e5 for at f\\u00e5 kulegravet forl\\u00f8bet. Kjerumgaard sp\\u00f8rg om Christiansborg skal blande sig i en verserende straffesag?&lt;\\\/p&gt;\\n&lt;p&gt;Martin Geertsen mener at regeringen har beg\\u00e5et l\\u00f8ftebrud fordi de ikke har form\\u00e5et at ans\\u00e6ttes 1000 flere sygeplejersker, som de lovede f\\u00f8r valget.&lt;\\\/p&gt;\\n&lt;p&gt;Sidst diskutere de at Prins Christian var til fodboldkamp if\\u00f8rt et FCK-halst\\u00f8rkl\\u00e6de, hvilke har skabt vilde reaktioner p\\u00e5 de sociale medier.&lt;\\\/p&gt;\\n&lt;p&gt;&lt;\\\/p&gt;\\n&lt;p&gt;Den politiske pub er produceret af &lt;a href=\\&quot;https:\\\/\\\/kjerumgaard.com\\\/videoproduktion\\\/\\&quot; target=\\&quot;_blank\\&quot;&gt;Kjerumgaard.com&lt;\\\/a&gt;&lt;\\\/p&gt;\\n&quot;,&quot;author&quot;:&quot;Kjerumgaard.com&quot;,&quot;date&quot;:&quot;April 23, 2022&quot;,&quot;link&quot;:&quot;https:\\\/\\\/podcasters.spotify.com\\\/pod\\\/show\\\/jacob-kjerumgaard\\\/episodes\\\/Episode-6-med-Sophie-Lhde---Den-politiske-pub-e1hhpbf&quot;,&quot;src&quot;:&quot;https:\\\/\\\/anchor.fm\\\/s\\\/89c79f28\\\/podcast\\\/play\\\/50963247\\\/https%3A%2F%2Fd3ctxlq1ktw2nl.cloudfront.net%2Fstaging%2F2022-3-22%2F29e68b5f-1646-ddbe-ef38-606e74da621e.mp3&quot;,&quot;featured&quot;:&quot;https:\\\/\\\/kjerumgaard.com\\\/blog\\\/wp-content\\\/uploads\\\/2022\\\/04\\\/23015610-1647209431784-23c4534f57fbd.jpg&quot;,&quot;mediatype&quot;:&quot;audio&quot;,&quot;duration&quot;:&quot;01:04:58&quot;,&quot;featured_id&quot;:512,&quot;key&quot;:&quot;bebc6e9a99a63fe5953f43527705bf8e&quot;,&quot;fset&quot;:&quot;https:\\\/\\\/kjerumgaard.com\\\/blog\\\/wp-content\\\/uploads\\\/2022\\\/04\\\/23015610-1647209431784-23c4534f57fbd.jpg 400w, https:\\\/\\\/kjerumgaard.com\\\/blog\\\/wp-content\\\/uploads\\\/2022\\\/04\\\/23015610-1647209431784-23c4534f57fbd-300x300.jpg 300w, https:\\\/\\\/kjerumgaard.com\\\/blog\\\/wp-content\\\/uploads\\\/2022\\\/04\\\/23015610-1647209431784-23c4534f57fbd-150x150.jpg 150w&quot;,&quot;fratio&quot;:1},&quot;ppe-4295-7&quot;:{&quot;title&quot;:&quot;Episode 5: Vi har bes\\u00f8g af Jarl Cordua og taler bl.a. om den nye tekst p\\u00e5 stemmesedlen og grusomhederne i Ukraine.&quot;,&quot;description&quot;:&quot;&lt;p&gt;I denne uge har Martin Geertsen og Jacob Kjerumgaard bes\\u00f8g af Jarl Cordua.&lt;\\\/p&gt;\\n&lt;p&gt;De kommer til at tale om Enhedslistens bem\\u00e6rkning i Folketingssalen, som fik Statsministeren til at hoppe i stolen. Om den nye tekst p\\u00e5 stemmesedlen og grusomhederne i Ukraine.&lt;\\\/p&gt;\\n&lt;p&gt;&lt;\\\/p&gt;\\n&lt;p&gt;&lt;a href=\\&quot;https:\\\/\\\/kjerumgaard.com\\\/videoproduktion\\\/\\&quot; target=\\&quot;_blank\\&quot;&gt;Podcasten er produceret af Kjerumgaard.com&lt;\\\/a&gt;&lt;\\\/p&gt;\\n&quot;,&quot;author&quot;:&quot;Kjerumgaard.com&quot;,&quot;date&quot;:&quot;April 9, 2022&quot;,&quot;link&quot;:&quot;https:\\\/\\\/podcasters.spotify.com\\\/pod\\\/show\\\/jacob-kjerumgaard\\\/episodes\\\/Episode-5-Vi-har-besg-af-Jarl-Cordua-og-taler-bl-a--om-den-nye-tekst-p-stemmesedlen-og-grusomhederne-i-Ukraine-e1guu2n&quot;,&quot;src&quot;:&quot;https:\\\/\\\/anchor.fm\\\/s\\\/89c79f28\\\/podcast\\\/play\\\/50345495\\\/https%3A%2F%2Fd3ctxlq1ktw2nl.cloudfront.net%2Fstaging%2F2022-3-9%2Fa9d95fe8-2a0d-6aaa-1429-6ac052088984.mp3&quot;,&quot;featured&quot;:&quot;https:\\\/\\\/kjerumgaard.com\\\/blog\\\/wp-content\\\/uploads\\\/2022\\\/04\\\/23015610-1647209431784-23c4534f57fbd.jpg&quot;,&quot;mediatype&quot;:&quot;audio&quot;,&quot;duration&quot;:&quot;01:10:10&quot;,&quot;featured_id&quot;:512,&quot;key&quot;:&quot;e85c703bd036df9c360becee4ad1e992&quot;,&quot;fset&quot;:&quot;https:\\\/\\\/kjerumgaard.com\\\/blog\\\/wp-content\\\/uploads\\\/2022\\\/04\\\/23015610-1647209431784-23c4534f57fbd.jpg 400w, https:\\\/\\\/kjerumgaard.com\\\/blog\\\/wp-content\\\/uploads\\\/2022\\\/04\\\/23015610-1647209431784-23c4534f57fbd-300x300.jpg 300w, https:\\\/\\\/kjerumgaard.com\\\/blog\\\/wp-content\\\/uploads\\\/2022\\\/04\\\/23015610-1647209431784-23c4534f57fbd-150x150.jpg 150w&quot;,&quot;fratio&quot;:1},&quot;ppe-4295-8&quot;:{&quot;title&quot;:&quot;Danskernes sundhed, forsvarsforbehold, ukrainske flygtninge og Oscar-lussing&quot;,&quot;description&quot;:&quot;&lt;p&gt;I denne uge, har Martin Geertsen og Jacob Kjerumgaard f\\u00e5et bes\\u00f8g af Stinus Lindgreen som sidder i Folketinget for de Radikale.&lt;\\\/p&gt;\\n&lt;p&gt;Stinus Lindgreen er bl.a. de Radikales sundhedsordf\\u00f8rer og derfor skal forhandlingerne om sundhedsreformen selvf\\u00f8lelig diskuteres. Jacob Kjerumgaard fors\\u00f8ger, at f\\u00e5r de to sundhedsordf\\u00f8rere til at komme med en l\\u00f8sning p\\u00e5 udfordringerne i sundhedsv\\u00e6senet, nu de alligevel sidder sammen og drikker en \\u00f8l.&lt;\\\/p&gt;\\n&lt;p&gt;De snakker ogs\\u00e5 om den kommende afstemning om forsvarsforbeholdet, om de Ukrainske flygtninge og ikke mindst om Will Smith der slog Chris Rock for \\u00e5ben sk\\u00e6rm til Oscar uddelingen.&lt;\\\/p&gt;\\n&lt;p&gt;&lt;\\\/p&gt;\\n&lt;p&gt;&lt;a href=\\&quot;https:\\\/\\\/kjerumgaard.com\\\/videoproduktion\\\/\\&quot; target=\\&quot;_blank\\&quot;&gt;Podcasten er produceret af Kjerumgaard.com&lt;\\\/a&gt;&lt;\\\/p&gt;\\n&quot;,&quot;author&quot;:&quot;Kjerumgaard.com&quot;,&quot;date&quot;:&quot;April 2, 2022&quot;,&quot;link&quot;:&quot;https:\\\/\\\/podcasters.spotify.com\\\/pod\\\/show\\\/jacob-kjerumgaard\\\/episodes\\\/Danskernes-sundhed--forsvarsforbehold--ukrainske-flygtninge-og-Oscar-lussing-e1gkbjh&quot;,&quot;src&quot;:&quot;https:\\\/\\\/anchor.fm\\\/s\\\/89c79f28\\\/podcast\\\/play\\\/49998897\\\/https%3A%2F%2Fd3ctxlq1ktw2nl.cloudfront.net%2Fstaging%2F2022-3-2%2F481af638-885f-4995-c2e3-3f2f18e78fed.mp3&quot;,&quot;featured&quot;:&quot;https:\\\/\\\/kjerumgaard.com\\\/blog\\\/wp-content\\\/uploads\\\/2022\\\/04\\\/23015610-1647209431784-23c4534f57fbd.jpg&quot;,&quot;mediatype&quot;:&quot;audio&quot;,&quot;duration&quot;:&quot;01:01:27&quot;,&quot;featured_id&quot;:512,&quot;key&quot;:&quot;ae540021bc02b750f088b4d9fdfbdd5d&quot;,&quot;fset&quot;:&quot;https:\\\/\\\/kjerumgaard.com\\\/blog\\\/wp-content\\\/uploads\\\/2022\\\/04\\\/23015610-1647209431784-23c4534f57fbd.jpg 400w, https:\\\/\\\/kjerumgaard.com\\\/blog\\\/wp-content\\\/uploads\\\/2022\\\/04\\\/23015610-1647209431784-23c4534f57fbd-300x300.jpg 300w, https:\\\/\\\/kjerumgaard.com\\\/blog\\\/wp-content\\\/uploads\\\/2022\\\/04\\\/23015610-1647209431784-23c4534f57fbd-150x150.jpg 150w&quot;,&quot;fratio&quot;:1},&quot;ppe-4295-9&quot;:{&quot;title&quot;:&quot;Sundhedsreform, Ukraine, K\\u00f8nsskifte og S\\u00f8ren Pind&quot;,&quot;description&quot;:&quot;&lt;p&gt;Dette er episode 3 af Den politiske pub. Podcasten hvor medlem af Folketinget Martin Geertsen og indholdsskaberen Jacob Kjerumgaard m\\u00f8des, drikker en \\u00f8l og taler om ugen i dansk politik. I denne episode har de en g\\u00e6st med, nemlig tidligere frihedsminister S\\u00f8ren Pind.&lt;\\\/p&gt;\\n&lt;p&gt;De taler om sundhedsreformen, Ukraine, k\\u00f8nsskifte og det kommende folketingsvalg.&lt;\\\/p&gt;\\n&lt;p&gt;&lt;\\\/p&gt;\\n&lt;p&gt;Denne podcast er&nbsp;produceret i samarbejde med &lt;a href=\\&quot;https:\\\/\\\/kjerumgaard.com\\&quot; rel=\\&quot;noopener\\&quot; target=\\&quot;_blank\\&quot;&gt;Kjerumgaard.com&lt;\\\/a&gt;&lt;\\\/p&gt;\\n&quot;,&quot;author&quot;:&quot;Kjerumgaard.com&quot;,&quot;date&quot;:&quot;March 26, 2022&quot;,&quot;link&quot;:&quot;https:\\\/\\\/podcasters.spotify.com\\\/pod\\\/show\\\/jacob-kjerumgaard\\\/episodes\\\/Sundhedsreform--Ukraine--Knsskifte-og-Sren-Pind-e1g9lu1&quot;,&quot;src&quot;:&quot;https:\\\/\\\/anchor.fm\\\/s\\\/89c79f28\\\/podcast\\\/play\\\/49649025\\\/https%3A%2F%2Fd3ctxlq1ktw2nl.cloudfront.net%2Fstaging%2F2022-2-26%2F02fa2c3a-bb84-cb61-1e54-9f52c17a6a3a.mp3&quot;,&quot;featured&quot;:&quot;https:\\\/\\\/kjerumgaard.com\\\/blog\\\/wp-content\\\/uploads\\\/2022\\\/04\\\/23015610-1647209431784-23c4534f57fbd.jpg&quot;,&quot;mediatype&quot;:&quot;audio&quot;,&quot;duration&quot;:&quot;01:01:25&quot;,&quot;featured_id&quot;:512,&quot;key&quot;:&quot;63f7750308a9e970349643e8d469285c&quot;,&quot;fset&quot;:&quot;https:\\\/\\\/kjerumgaard.com\\\/blog\\\/wp-content\\\/uploads\\\/2022\\\/04\\\/23015610-1647209431784-23c4534f57fbd.jpg 400w, https:\\\/\\\/kjerumgaard.com\\\/blog\\\/wp-content\\\/uploads\\\/2022\\\/04\\\/23015610-1647209431784-23c4534f57fbd-300x300.jpg 300w, https:\\\/\\\/kjerumgaard.com\\\/blog\\\/wp-content\\\/uploads\\\/2022\\\/04\\\/23015610-1647209431784-23c4534f57fbd-150x150.jpg 150w&quot;,&quot;fratio&quot;:1},&quot;ppe-4295-10&quot;:{&quot;title&quot;:&quot;Episode 2: Sundhedsudspil, Ukraine og K\\u00f8benhavns R\\u00e5dhus&quot;,&quot;description&quot;:&quot;&lt;p&gt;I denne episode 2 af Den politiske pub, taler Martin Geertsen og Jacob Kjerumgaard bl.a. om situationen i Ukraine, om regeringens sundhedsudspil og om hvad der egentlig sker p\\u00e5 K\\u00f8benhavns R\\u00e5dhus.&lt;\\\/p&gt;\\n&lt;p&gt;Som omtalt i podcasten, havde Zelenskyj den Ukrainske pr\\u00e6sident et online m\\u00f8de med kongressen i USA. P\\u00e5 det m\\u00f8de, brugte Zelenskyj en del af sin taletid p\\u00e5 at vise en film, som viser situationen i Ukraine lige nu. Du kan se filmen her, men v\\u00e6re opm\\u00e6rksom p\\u00e5 at det er meget st\\u00e6rke billeder.&lt;\\\/p&gt;\\n&lt;p&gt;&lt;a href=\\&quot;https:\\\/\\\/edition.cnn.com\\\/videos\\\/world\\\/2022\\\/03\\\/16\\\/volodymyr-zelensky-congress-speech-ukraine-video-newsroom-vpx.cnn\\&quot; target=\\&quot;_blank\\&quot;&gt;https:\\\/\\\/edition.cnn.com\\\/videos\\\/world\\\/2022\\\/03\\\/16\\\/volodymyr-zelensky-congress-speech-ukraine-video-newsroom-vpx.cnn&lt;\\\/a&gt;&lt;\\\/p&gt;\\n&lt;p&gt;&lt;\\\/p&gt;\\n&lt;p&gt;Den politiske pub er produceret af &lt;a href=\\&quot;https:\\\/\\\/kjerumgaard.com\\\/videoproduktion\\\/\\&quot; target=\\&quot;_blank\\&quot;&gt;Kjerumgaard.com&lt;\\\/a&gt;&lt;\\\/p&gt;\\n&quot;,&quot;author&quot;:&quot;Kjerumgaard.com&quot;,&quot;date&quot;:&quot;March 19, 2022&quot;,&quot;link&quot;:&quot;https:\\\/\\\/podcasters.spotify.com\\\/pod\\\/show\\\/jacob-kjerumgaard\\\/episodes\\\/Episode-2-Sundhedsudspil--Ukraine-og-Kbenhavns-Rdhus-e1fulvt&quot;,&quot;src&quot;:&quot;https:\\\/\\\/anchor.fm\\\/s\\\/89c79f28\\\/podcast\\\/play\\\/49288637\\\/https%3A%2F%2Fd3ctxlq1ktw2nl.cloudfront.net%2Fstaging%2F2022-2-19%2F86ad6b11-2d6f-3738-4355-7b2e27b7a70e.mp3&quot;,&quot;featured&quot;:&quot;https:\\\/\\\/kjerumgaard.com\\\/blog\\\/wp-content\\\/uploads\\\/2022\\\/04\\\/23015610-1647209431784-23c4534f57fbd.jpg&quot;,&quot;mediatype&quot;:&quot;audio&quot;,&quot;duration&quot;:&quot;52:27&quot;,&quot;featured_id&quot;:512,&quot;key&quot;:&quot;952194b31c5100510cbaeacc13aca751&quot;,&quot;fset&quot;:&quot;https:\\\/\\\/kjerumgaard.com\\\/blog\\\/wp-content\\\/uploads\\\/2022\\\/04\\\/23015610-1647209431784-23c4534f57fbd.jpg 400w, https:\\\/\\\/kjerumgaard.com\\\/blog\\\/wp-content\\\/uploads\\\/2022\\\/04\\\/23015610-1647209431784-23c4534f57fbd-300x300.jpg 300w, https:\\\/\\\/kjerumgaard.com\\\/blog\\\/wp-content\\\/uploads\\\/2022\\\/04\\\/23015610-1647209431784-23c4534f57fbd-150x150.jpg 150w&quot;,&quot;fratio&quot;:1},&quot;ppe-4295-11&quot;:{&quot;title&quot;:&quot;Krigen i Ukraine &#8211; Den politiske pub &#8211; Episode 001&quot;,&quot;description&quot;:&quot;&lt;p&gt;I denne f\\u00f8rste episode, m\\u00f8des vi p\\u00e5 det sagnomspundne v\\u00e6rtshus Togas vinstue.&nbsp;&lt;\\\/p&gt;\\n&lt;p&gt;Vi taler selvf\\u00f8lgelig om krigen i Ukraine. Hvilke ting der har gjort mest indtryk og hvordan krigen p\\u00e5virker vores verden.&lt;\\\/p&gt;\\n&lt;p&gt;Vi taler om den kommende folkeafstemning om forsvarsforbeholdene. Vi taler om hvordan Danmark kan komme til at bruge 2% af BNP p\\u00e5 forsvaret, som vi har lovet NATO og s\\u00e5 taler vi ogs\\u00e5 om kvindernes internationale kampdag.&lt;\\\/p&gt;\\n&lt;p&gt;&lt;\\\/p&gt;\\n&lt;p&gt;Produceret i samarbejde med &lt;a href=\\&quot;https:\\\/\\\/kjerumgaard.com\\\/videoproduktion\\\/\\&quot; target=\\&quot;_blank\\&quot;&gt;Kjerumgaard.com&lt;\\\/a&gt;&lt;\\\/p&gt;\\n&quot;,&quot;author&quot;:&quot;Kjerumgaard.com&quot;,&quot;date&quot;:&quot;March 13, 2022&quot;,&quot;link&quot;:&quot;https:\\\/\\\/podcasters.spotify.com\\\/pod\\\/show\\\/jacob-kjerumgaard\\\/episodes\\\/Krigen-i-Ukraine---Den-politiske-pub---Episode-001-e1flsb0&quot;,&quot;src&quot;:&quot;https:\\\/\\\/anchor.fm\\\/s\\\/89c79f28\\\/podcast\\\/play\\\/49000224\\\/https%3A%2F%2Fd3ctxlq1ktw2nl.cloudfront.net%2Fstaging%2F2022-2-13%2F5a77e528-7b29-11a9-ef92-6982aa8620f5.mp3&quot;,&quot;featured&quot;:&quot;https:\\\/\\\/kjerumgaard.com\\\/blog\\\/wp-content\\\/uploads\\\/2022\\\/04\\\/23015610-1647209431784-23c4534f57fbd.jpg&quot;,&quot;mediatype&quot;:&quot;audio&quot;,&quot;duration&quot;:&quot;59:38&quot;,&quot;featured_id&quot;:512,&quot;key&quot;:&quot;94864c9cc0aae0296dd39e6ed82ec3ba&quot;,&quot;fset&quot;:&quot;https:\\\/\\\/kjerumgaard.com\\\/blog\\\/wp-content\\\/uploads\\\/2022\\\/04\\\/23015610-1647209431784-23c4534f57fbd.jpg 400w, https:\\\/\\\/kjerumgaard.com\\\/blog\\\/wp-content\\\/uploads\\\/2022\\\/04\\\/23015610-1647209431784-23c4534f57fbd-300x300.jpg 300w, https:\\\/\\\/kjerumgaard.com\\\/blog\\\/wp-content\\\/uploads\\\/2022\\\/04\\\/23015610-1647209431784-23c4534f57fbd-150x150.jpg 150w&quot;,&quot;fratio&quot;:1},&quot;load_info&quot;:{&quot;loaded&quot;:11,&quot;displayed&quot;:10,&quot;maxItems&quot;:11,&quot;src&quot;:&quot;1f5a13075d9ba90c1814c3adc515e05b&quot;,&quot;step&quot;:10,&quot;sortby&quot;:&quot;sort_date_desc&quot;,&quot;filterby&quot;:&quot;&quot;,&quot;fixed&quot;:&quot;&quot;,&quot;args&quot;:{&quot;imgurl&quot;:&quot;https:\\\/\\\/kjerumgaard.com\\\/blog\\\/wp-content\\\/uploads\\\/2022\\\/04\\\/23015610-1647209430360-2bcca737e1c81-768x768.jpg&quot;,&quot;imgset&quot;:&quot;https:\\\/\\\/kjerumgaard.com\\\/blog\\\/wp-content\\\/uploads\\\/2022\\\/04\\\/23015610-1647209430360-2bcca737e1c81-768x768.jpg 768w, https:\\\/\\\/kjerumgaard.com\\\/blog\\\/wp-content\\\/uploads\\\/2022\\\/04\\\/23015610-1647209430360-2bcca737e1c81-300x300.jpg 300w, https:\\\/\\\/kjerumgaard.com\\\/blog\\\/wp-content\\\/uploads\\\/2022\\\/04\\\/23015610-1647209430360-2bcca737e1c81-1024x1024.jpg 1024w, https:\\\/\\\/kjerumgaard.com\\\/blog\\\/wp-content\\\/uploads\\\/2022\\\/04\\\/23015610-1647209430360-2bcca737e1c81-150x150.jpg 150w, https:\\\/\\\/kjerumgaard.com\\\/blog\\\/wp-content\\\/uploads\\\/2022\\\/04\\\/23015610-1647209430360-2bcca737e1c81-1536x1536.jpg 1536w, https:\\\/\\\/kjerumgaard.com\\\/blog\\\/wp-content\\\/uploads\\\/2022\\\/04\\\/23015610-1647209430360-2bcca737e1c81-2048x2048.jpg 2048w, https:\\\/\\\/kjerumgaard.com\\\/blog\\\/wp-content\\\/uploads\\\/2022\\\/04\\\/23015610-1647209430360-2bcca737e1c81-480x480.jpg 480w&quot;,&quot;display&quot;:&quot;&quot;,&quot;hddesc&quot;:0,&quot;hdfeat&quot;:0,&quot;oricov&quot;:&quot;https:\\\/\\\/d3t3ozftmdmh3i.cloudfront.net\\\/production\\\/podcast_uploaded_nologo\\\/23015610\\\/23015610-1647209430360-2bcca737e1c81.jpg&quot;,&quot;elength&quot;:18}},&quot;rdata&quot;:{&quot;permalink&quot;:&quot;https:\\\/\\\/kjerumgaard.com\\\/blog\\\/wp-json\\\/wp\\\/v2\\\/posts\\\/497&quot;,&quot;fprint&quot;:&quot;1f5a13075d9ba90c1814c3adc515e05b&quot;,&quot;from&quot;:&quot;feedurl&quot;,&quot;elen&quot;:18,&quot;eunit&quot;:&quot;&quot;,&quot;teaser&quot;:&quot;&quot;,&quot;title&quot;:&quot;Den politiske pub&quot;}}\"><div class=\"pp-podcast__wrapper\"><div class=\"pp-podcast__info pod-info\"><div class=\"pod-info__header pod-header\"><div class=\"pod-header__image\"><div class=\"pod-header__image-wrapper\"><img decoding=\"async\" class=\"podcast-cover-image\" src=\"https:\/\/kjerumgaard.com\/blog\/wp-content\/uploads\/2022\/04\/23015610-1647209430360-2bcca737e1c81-768x768.jpg\" srcset=\"https:\/\/kjerumgaard.com\/blog\/wp-content\/uploads\/2022\/04\/23015610-1647209430360-2bcca737e1c81-768x768.jpg 768w, https:\/\/kjerumgaard.com\/blog\/wp-content\/uploads\/2022\/04\/23015610-1647209430360-2bcca737e1c81-300x300.jpg 300w, https:\/\/kjerumgaard.com\/blog\/wp-content\/uploads\/2022\/04\/23015610-1647209430360-2bcca737e1c81-1024x1024.jpg 1024w, https:\/\/kjerumgaard.com\/blog\/wp-content\/uploads\/2022\/04\/23015610-1647209430360-2bcca737e1c81-150x150.jpg 150w, https:\/\/kjerumgaard.com\/blog\/wp-content\/uploads\/2022\/04\/23015610-1647209430360-2bcca737e1c81-1536x1536.jpg 1536w, https:\/\/kjerumgaard.com\/blog\/wp-content\/uploads\/2022\/04\/23015610-1647209430360-2bcca737e1c81-2048x2048.jpg 2048w, https:\/\/kjerumgaard.com\/blog\/wp-content\/uploads\/2022\/04\/23015610-1647209430360-2bcca737e1c81-480x480.jpg 480w\" sizes=\"(max-width: 640px) 100vw, 25vw\" alt=\"Den politiske pub\"><\/div><span class=\"pod-header__image-style\" style=\"display: block; width: 100%; padding-top: 100%\"><\/div><div class=\"pod-header__items pod-items\"><div class=\"pod-items__title\">Den politiske pub<\/div><div class=\"pod-items__desc\"><p>Velkommen til Den politiske pub. Dette er en podcast, hvor Martin Geertsen og Jacob Kjerumgaard m\u00f8des p\u00e5 en pub, drikker en \u00f8l og taler om hvad der er sket den sidste uge i politik.<\/p>\n<p>Martin Geertsen er sundhedsordf\u00f8rer og medlem af Folketinget for Venstre. Martin Geertsen har en lang politisk karriere bag sig. Han har v\u00e6ret kulturborgmester p\u00e5 K\u00f8benhavns r\u00e5dhus og siddet i Folketinget af flere omgange.<\/p>\n<p>Jacob Kjerumgaard er filmskaber, podcaster, fotograf og indholdsskaber. Han ejer virksomheden Kjerumgaard.com<\/p>\n<\/div><\/div><\/div><\/div><div class=\"pp-podcast__content pod-content\"><div class=\"pp-podcast__single\"><div class=\"pp-podcast__player\"><div class=\"pp-player-episode\"><audio id=\"pp-podcast-4295-player\" preload=\"metadata\" class=\"pp-podcast-episode\" style=\"width: 100%;\" controls=\"controls\"><source type=\"audio\/mpeg\" src=\"https:\/\/anchor.fm\/s\/89c79f28\/podcast\/play\/53378136\/https%3A%2F%2Fd3ctxlq1ktw2nl.cloudfront.net%2Fstaging%2F2022-5-12%2F271217279-44100-2-2010fa7454552.m4a\" \/><\/audio><\/div><\/div><div class=\"pod-content__episode episode-single\"><button class=\"episode-single__close\" aria-expanded=\"false\" aria-label=\"Close Single Episode\"><span class=\"btn-icon-wrap\"><svg class=\"icon icon-pp-x\" aria-hidden=\"true\" role=\"img\" focusable=\"false\"><use href=\"#icon-pp-x\" xlink:href=\"#icon-pp-x\"><\/use><\/svg><\/span><\/button><div class=\"episode-single__wrapper\"><div class=\"episode-single__header\"><div class=\"episode-single__title\">Episode 11 med Besk\u00e6ftigelses- og integrationsborgmester Jens-Kristian L\u00fctken &#8211; Den politiske pub<\/div><div class=\"episode-single__author\"><span class=\"byname\">by<\/span><span class=\"single-author\">Kjerumgaard.com<\/span><\/div><\/div><div class=\"episode-single__description\"><p>Episode 11 med Besk\u00e6ftigelses- og integrationsborgmester Jens-Kristian L\u00fctken &#8211; Den politiske pub<\/p><\/div><\/div><div class=\"ppjs__img-wrapper \"><div class=\"ppjs__img-btn-cover\"><img decoding=\"async\" class=\"ppjs__img-btn\" src=\"https:\/\/kjerumgaard.com\/blog\/wp-content\/uploads\/2022\/04\/23015610-1647209431784-23c4534f57fbd.jpg\" srcset=\"https:\/\/kjerumgaard.com\/blog\/wp-content\/uploads\/2022\/04\/23015610-1647209431784-23c4534f57fbd.jpg 400w, https:\/\/kjerumgaard.com\/blog\/wp-content\/uploads\/2022\/04\/23015610-1647209431784-23c4534f57fbd-300x300.jpg 300w, https:\/\/kjerumgaard.com\/blog\/wp-content\/uploads\/2022\/04\/23015610-1647209431784-23c4534f57fbd-150x150.jpg 150w\" sizes=\"(max-width: 640px) 100vw, 300px\" alt=\"Episode 11 med Besk\u00e6ftigelses- og integrationsborgmester Jens-Kristian L\u00fctken &#8211; Den politiske pub\"><\/div><span class=\"ppjs__img-btn-style\" style=\"display: block; width: 100%; padding-top: 100%\"><\/div><\/div><\/div><div class=\"pod-content__list episode-list\"><div class=\"episode-list__search\"><label class=\"label-episode-search\"><span class=\"ppjs__offscreen\">Search Episodes<\/span><input type=\"text\" placeholder=\"Search Episodes\" title=\"Search Podcast Episodes\"\/><\/label><span class=\"episode-list__search-icon\"><svg class=\"icon icon-pp-search\" aria-hidden=\"true\" role=\"img\" focusable=\"false\"><use href=\"#icon-pp-search\" xlink:href=\"#icon-pp-search\"><\/use><\/svg><\/span><button class=\"episode-list__clear-search pod-button\"><svg class=\"icon icon-pp-x\" aria-hidden=\"true\" role=\"img\" focusable=\"false\"><use href=\"#icon-pp-x\" xlink:href=\"#icon-pp-x\"><\/use><\/svg><span class=\"ppjs__offscreen\">Clear Search<\/span><\/button><\/div><div class=\"episode-list__wrapper\">\n<div id=\"ppe-4295-1\" class=\"episode-list__entry pod-entry\" data-search-term=\"episode 11 med besk\u00e6ftigelses- og integrationsborgmester jens-kristian l\u00fctken &#8211; den politiske pub\">\n\t<div class=\"pod-entry__wrapper\">\n\t\t<div class=\"pod-entry__content\">\n\t\t\t<div class=\"pod-entry__title\">\n\t\t\t\t<a href=\"https:\/\/podcasters.spotify.com\/pod\/show\/jacob-kjerumgaard\/episodes\/Episode-11-med-Beskftigelses--og-integrationsborgmester-Jens-Kristian-Ltken---Den-politiske-pub-e1jrfko\" target=\"_blank\" rel=\"noopener\">Episode 11 med Besk\u00e6ftigelses- og integrationsborgmester Jens-Kristian L\u00fctken &#8211; Den politiske pub<\/a>\n\t\t\t<\/div>\n\t\t\t<div class=\"pod-entry__date\">June 12, 2022<\/div>\n\t\t\t\t\t\t\t<div class=\"pod-entry__author\">Kjerumgaard.com<\/div>\n\t\t\t\t\t<\/div>\n\t<\/div>\n<\/div>\n\n<div id=\"ppe-4295-2\" class=\"episode-list__entry pod-entry\" data-search-term=\"jakob ellemann-jensen &#8211; episode 10 af den politiske pub\">\n\t<div class=\"pod-entry__wrapper\">\n\t\t<div class=\"pod-entry__content\">\n\t\t\t<div class=\"pod-entry__title\">\n\t\t\t\t<a href=\"https:\/\/podcasters.spotify.com\/pod\/show\/jacob-kjerumgaard\/episodes\/Jakob-Ellemann-Jensen---Episode-10-af-Den-politiske-pub-e1jk5k1\" target=\"_blank\" rel=\"noopener\">Jakob Ellemann-Jensen &#8211; Episode 10 af Den politiske pub<\/a>\n\t\t\t<\/div>\n\t\t\t<div class=\"pod-entry__date\">June 7, 2022<\/div>\n\t\t\t\t\t\t\t<div class=\"pod-entry__author\">Kjerumgaard.com<\/div>\n\t\t\t\t\t<\/div>\n\t<\/div>\n<\/div>\n\n<div id=\"ppe-4295-3\" class=\"episode-list__entry pod-entry\" data-search-term=\"episode 9 af den politiske pub med karsten lauritzen\">\n\t<div class=\"pod-entry__wrapper\">\n\t\t<div class=\"pod-entry__content\">\n\t\t\t<div class=\"pod-entry__title\">\n\t\t\t\t<a href=\"https:\/\/podcasters.spotify.com\/pod\/show\/jacob-kjerumgaard\/episodes\/Episode-9-af-Den-Politiske-pub-med-Karsten-Lauritzen-e1iu18q\" target=\"_blank\" rel=\"noopener\">Episode 9 af Den Politiske pub med Karsten Lauritzen<\/a>\n\t\t\t<\/div>\n\t\t\t<div class=\"pod-entry__date\">May 23, 2022<\/div>\n\t\t\t\t\t\t\t<div class=\"pod-entry__author\">Kjerumgaard.com<\/div>\n\t\t\t\t\t<\/div>\n\t<\/div>\n<\/div>\n\n<div id=\"ppe-4295-4\" class=\"episode-list__entry pod-entry\" data-search-term=\"episode 8 af den politiske pub &#8211; med vus formand maria ladegaard\">\n\t<div class=\"pod-entry__wrapper\">\n\t\t<div class=\"pod-entry__content\">\n\t\t\t<div class=\"pod-entry__title\">\n\t\t\t\t<a href=\"https:\/\/podcasters.spotify.com\/pod\/show\/jacob-kjerumgaard\/episodes\/Episode-8-af-Den-politiske-pub---med-VUs-formand-Maria-Ladegaard-e1ihci5\" target=\"_blank\" rel=\"noopener\">Episode 8 af Den politiske pub &#8211; med VUs formand Maria Ladegaard<\/a>\n\t\t\t<\/div>\n\t\t\t<div class=\"pod-entry__date\">May 14, 2022<\/div>\n\t\t\t\t\t\t\t<div class=\"pod-entry__author\">Kjerumgaard.com<\/div>\n\t\t\t\t\t<\/div>\n\t<\/div>\n<\/div>\n\n<div id=\"ppe-4295-5\" class=\"episode-list__entry pod-entry\" data-search-term=\"episode 7 med rikke hvilsh\u00f8j\">\n\t<div class=\"pod-entry__wrapper\">\n\t\t<div class=\"pod-entry__content\">\n\t\t\t<div class=\"pod-entry__title\">\n\t\t\t\t<a href=\"https:\/\/podcasters.spotify.com\/pod\/show\/jacob-kjerumgaard\/episodes\/Episode-7-med-Rikke-Hvilshj-e1i4qg7\" target=\"_blank\" rel=\"noopener\">Episode 7 med Rikke Hvilsh\u00f8j<\/a>\n\t\t\t<\/div>\n\t\t\t<div class=\"pod-entry__date\">May 7, 2022<\/div>\n\t\t\t\t\t\t\t<div class=\"pod-entry__author\">Kjerumgaard.com<\/div>\n\t\t\t\t\t<\/div>\n\t<\/div>\n<\/div>\n\n<div id=\"ppe-4295-6\" class=\"episode-list__entry pod-entry\" data-search-term=\"episode 6 med sophie l\u00f8hde &#8211; den politiske pub\">\n\t<div class=\"pod-entry__wrapper\">\n\t\t<div class=\"pod-entry__content\">\n\t\t\t<div class=\"pod-entry__title\">\n\t\t\t\t<a href=\"https:\/\/podcasters.spotify.com\/pod\/show\/jacob-kjerumgaard\/episodes\/Episode-6-med-Sophie-Lhde---Den-politiske-pub-e1hhpbf\" target=\"_blank\" rel=\"noopener\">Episode 6 med Sophie L\u00f8hde &#8211; Den politiske pub<\/a>\n\t\t\t<\/div>\n\t\t\t<div class=\"pod-entry__date\">April 23, 2022<\/div>\n\t\t\t\t\t\t\t<div class=\"pod-entry__author\">Kjerumgaard.com<\/div>\n\t\t\t\t\t<\/div>\n\t<\/div>\n<\/div>\n\n<div id=\"ppe-4295-7\" class=\"episode-list__entry pod-entry\" data-search-term=\"episode 5: vi har bes\u00f8g af jarl cordua og taler bl.a. om den nye tekst p\u00e5 stemmesedlen og grusomhederne i ukraine.\">\n\t<div class=\"pod-entry__wrapper\">\n\t\t<div class=\"pod-entry__content\">\n\t\t\t<div class=\"pod-entry__title\">\n\t\t\t\t<a href=\"https:\/\/podcasters.spotify.com\/pod\/show\/jacob-kjerumgaard\/episodes\/Episode-5-Vi-har-besg-af-Jarl-Cordua-og-taler-bl-a--om-den-nye-tekst-p-stemmesedlen-og-grusomhederne-i-Ukraine-e1guu2n\" target=\"_blank\" rel=\"noopener\">Episode 5: Vi har bes\u00f8g af Jarl Cordua og taler bl.a. om den nye tekst p\u00e5 stemmesedlen og grusomhederne i Ukraine.<\/a>\n\t\t\t<\/div>\n\t\t\t<div class=\"pod-entry__date\">April 9, 2022<\/div>\n\t\t\t\t\t\t\t<div class=\"pod-entry__author\">Kjerumgaard.com<\/div>\n\t\t\t\t\t<\/div>\n\t<\/div>\n<\/div>\n\n<div id=\"ppe-4295-8\" class=\"episode-list__entry pod-entry\" data-search-term=\"danskernes sundhed, forsvarsforbehold, ukrainske flygtninge og oscar-lussing\">\n\t<div class=\"pod-entry__wrapper\">\n\t\t<div class=\"pod-entry__content\">\n\t\t\t<div class=\"pod-entry__title\">\n\t\t\t\t<a href=\"https:\/\/podcasters.spotify.com\/pod\/show\/jacob-kjerumgaard\/episodes\/Danskernes-sundhed--forsvarsforbehold--ukrainske-flygtninge-og-Oscar-lussing-e1gkbjh\" target=\"_blank\" rel=\"noopener\">Danskernes sundhed, forsvarsforbehold, ukrainske flygtninge og Oscar-lussing<\/a>\n\t\t\t<\/div>\n\t\t\t<div class=\"pod-entry__date\">April 2, 2022<\/div>\n\t\t\t\t\t\t\t<div class=\"pod-entry__author\">Kjerumgaard.com<\/div>\n\t\t\t\t\t<\/div>\n\t<\/div>\n<\/div>\n\n<div id=\"ppe-4295-9\" class=\"episode-list__entry pod-entry\" data-search-term=\"sundhedsreform, ukraine, k\u00f8nsskifte og s\u00f8ren pind\">\n\t<div class=\"pod-entry__wrapper\">\n\t\t<div class=\"pod-entry__content\">\n\t\t\t<div class=\"pod-entry__title\">\n\t\t\t\t<a href=\"https:\/\/podcasters.spotify.com\/pod\/show\/jacob-kjerumgaard\/episodes\/Sundhedsreform--Ukraine--Knsskifte-og-Sren-Pind-e1g9lu1\" target=\"_blank\" rel=\"noopener\">Sundhedsreform, Ukraine, K\u00f8nsskifte og S\u00f8ren Pind<\/a>\n\t\t\t<\/div>\n\t\t\t<div class=\"pod-entry__date\">March 26, 2022<\/div>\n\t\t\t\t\t\t\t<div class=\"pod-entry__author\">Kjerumgaard.com<\/div>\n\t\t\t\t\t<\/div>\n\t<\/div>\n<\/div>\n\n<div id=\"ppe-4295-10\" class=\"episode-list__entry pod-entry\" data-search-term=\"episode 2: sundhedsudspil, ukraine og k\u00f8benhavns r\u00e5dhus\">\n\t<div class=\"pod-entry__wrapper\">\n\t\t<div class=\"pod-entry__content\">\n\t\t\t<div class=\"pod-entry__title\">\n\t\t\t\t<a href=\"https:\/\/podcasters.spotify.com\/pod\/show\/jacob-kjerumgaard\/episodes\/Episode-2-Sundhedsudspil--Ukraine-og-Kbenhavns-Rdhus-e1fulvt\" target=\"_blank\" rel=\"noopener\">Episode 2: Sundhedsudspil, Ukraine og K\u00f8benhavns R\u00e5dhus<\/a>\n\t\t\t<\/div>\n\t\t\t<div class=\"pod-entry__date\">March 19, 2022<\/div>\n\t\t\t\t\t\t\t<div class=\"pod-entry__author\">Kjerumgaard.com<\/div>\n\t\t\t\t\t<\/div>\n\t<\/div>\n<\/div>\n<div class=\"lm-button-wrapper\"><button class=\"episode-list__load-more\"><span>Load More<\/span><\/button><\/div><div class=\"episode-list__search-results episode-search\"><span class=\"ppjs__offscreen\">Search Results placeholder<\/span><\/div><\/div><\/div><div class=\"ppjs__list-reveal\"><div class=\"ppjs__button\"><button class=\"pp-prev-btn\"><span class=\"ppjs__offscreen\">Previous Episode<\/span><span class=\"btn-icon-wrap\"><svg class=\"icon icon-pp-previous\" aria-hidden=\"true\" role=\"img\" focusable=\"false\"><use href=\"#icon-pp-previous\" xlink:href=\"#icon-pp-previous\"><\/use><\/svg><\/span><\/button><\/div><div class=\"ppjs__button\"><button class=\"pp-list-btn\"><span class=\"ppjs__offscreen\">Show Episodes List<\/span><span class=\"btn-icon-wrap\"><svg class=\"icon icon-pp-show-list\" aria-hidden=\"true\" role=\"img\" focusable=\"false\"><use href=\"#icon-pp-show-list\" xlink:href=\"#icon-pp-show-list\"><\/use><\/svg><svg class=\"icon icon-pp-hide-list\" aria-hidden=\"true\" role=\"img\" focusable=\"false\"><use href=\"#icon-pp-hide-list\" xlink:href=\"#icon-pp-hide-list\"><\/use><\/svg><\/span><\/button><\/div><div class=\"ppjs__button\"><button class=\"pp-next-btn\"><span class=\"ppjs__offscreen\">Next Episode<\/span><span class=\"btn-icon-wrap\"><svg class=\"icon icon-pp-next\" aria-hidden=\"true\" role=\"img\" focusable=\"false\"><use href=\"#icon-pp-next\" xlink:href=\"#icon-pp-next\"><\/use><\/svg><\/span><\/button><\/div><\/div><\/div><\/div><div class=\"pod-content__launcher pod-launch\"><button class=\"pod-launch__button pod-launch__info pod-button\" aria-expanded=\"false\"><span class=\"ppjs__offscreen\">Show Podcast Information<\/span><span class=\"btn-icon-wrap\"><svg class=\"icon icon-pp-podcast\" aria-hidden=\"true\" role=\"img\" focusable=\"false\"><use href=\"#icon-pp-podcast\" xlink:href=\"#icon-pp-podcast\"><\/use><\/svg><svg class=\"icon icon-pp-x\" aria-hidden=\"true\" role=\"img\" focusable=\"false\"><use href=\"#icon-pp-x\" xlink:href=\"#icon-pp-x\"><\/use><\/svg><\/span><\/button><\/div><\/div>","protected":false},"excerpt":{"rendered":"<p>I denne uge, har Martin Geertsen og Jacob Kjerumgaard f\u00e5et bes\u00f8g af Stinus Lindgreen som sidder i Folketinget for de Radikale. Stinus Lindgreen er bl.a. de Radikales sundhedsordf\u00f8rer og derfor skal forhandlingerne om sundhedsreformen selvf\u00f8lelig diskuteres. Jacob Kjerumgaard fors\u00f8ger, at f\u00e5r de to sundhedsordf\u00f8rere til at komme med en l\u00f8sning p\u00e5 udfordringerne i sundhedsv\u00e6senet, nu [&hellip;]<\/p>\n","protected":false},"author":1,"featured_media":401,"comment_status":"open","ping_status":"open","sticky":false,"template":"","format":"standard","meta":{"tdm_status":"","tdm_grid_status":"","footnotes":""},"categories":[17],"tags":[38,37],"class_list":{"0":"post-497","1":"post","2":"type-post","3":"status-publish","4":"format-standard","5":"has-post-thumbnail","7":"category-podcast","8":"tag-den-politiske-pub","9":"tag-podcast"},"_links":{"self":[{"href":"https:\/\/kjerumgaard.com\/blog\/wp-json\/wp\/v2\/posts\/497","targetHints":{"allow":["GET"]}}],"collection":[{"href":"https:\/\/kjerumgaard.com\/blog\/wp-json\/wp\/v2\/posts"}],"about":[{"href":"https:\/\/kjerumgaard.com\/blog\/wp-json\/wp\/v2\/types\/post"}],"author":[{"embeddable":true,"href":"https:\/\/kjerumgaard.com\/blog\/wp-json\/wp\/v2\/users\/1"}],"replies":[{"embeddable":true,"href":"https:\/\/kjerumgaard.com\/blog\/wp-json\/wp\/v2\/comments?post=497"}],"version-history":[{"count":12,"href":"https:\/\/kjerumgaard.com\/blog\/wp-json\/wp\/v2\/posts\/497\/revisions"}],"predecessor-version":[{"id":514,"href":"https:\/\/kjerumgaard.com\/blog\/wp-json\/wp\/v2\/posts\/497\/revisions\/514"}],"wp:featuredmedia":[{"embeddable":true,"href":"https:\/\/kjerumgaard.com\/blog\/wp-json\/wp\/v2\/media\/401"}],"wp:attachment":[{"href":"https:\/\/kjerumgaard.com\/blog\/wp-json\/wp\/v2\/media?parent=497"}],"wp:term":[{"taxonomy":"category","embeddable":true,"href":"https:\/\/kjerumgaard.com\/blog\/wp-json\/wp\/v2\/categories?post=497"},{"taxonomy":"post_tag","embeddable":true,"href":"https:\/\/kjerumgaard.com\/blog\/wp-json\/wp\/v2\/tags?post=497"}],"curies":[{"name":"wp","href":"https:\/\/api.w.org\/{rel}","templated":true}]}}