{"id":400,"date":"2022-03-21T14:11:53","date_gmt":"2022-03-21T14:11:53","guid":{"rendered":"https:\/\/kjerumgaard.com\/blog\/?p=400"},"modified":"2022-03-21T14:16:37","modified_gmt":"2022-03-21T14:16:37","slug":"podcast-den-politiske-pub-episode-2","status":"publish","type":"post","link":"https:\/\/kjerumgaard.com\/blog\/podcast-den-politiske-pub-episode-2\/","title":{"rendered":"Podcast Episode 2: Den politiske pub"},"content":{"rendered":"<p><iframe loading=\"lazy\" src=\"https:\/\/anchor.fm\/jacob-kjerumgaard\/embed\/episodes\/Episode-2-Sundhedsudspil--Ukraine-og-Kbenhavns-Rdhus-e1fulvt\" height=\"102px\" width=\"400px\" frameborder=\"0\" scrolling=\"no\"><\/iframe><\/p>\n\n\n<div class=\" css-1owrxm0\">\n<div class=\"css-d91vne\">\n<div class=\"css-qf46r9\">\n<div>\n<p>I denne episode 2 af Den politiske pub, taler Martin Geertsen og Jacob Kjerumgaard bl.a. om situationen i Ukraine, om regeringens sundhedsudspil og om hvad der egentlig sker p\u00e5 K\u00f8benhavns R\u00e5dhus.<\/p>\n<p>Som omtalt i podcasten, havde Zelenskyj den Ukrainske pr\u00e6sident et online m\u00f8de med kongressen i USA. P\u00e5 det m\u00f8de, brugte Zelenskyj en del af sin taletid p\u00e5 at vise en film, som viser situationen i Ukraine lige nu. Du kan se filmen her, men v\u00e6re opm\u00e6rksom p\u00e5 at det er meget st\u00e6rke billeder.<\/p>\n<p><a href=\"https:\/\/edition.cnn.com\/videos\/world\/2022\/03\/16\/volodymyr-zelensky-congress-speech-ukraine-video-newsroom-vpx.cnn\" target=\"_blank\" rel=\"ugc noopener noreferrer\">https:\/\/edition.cnn.com\/videos\/world\/2022\/03\/16\/volodymyr-zelensky-congress-speech-ukraine-video-newsroom-vpx.cnn<\/a><\/p>\n<p>Den politiske pub er produceret af\u00a0<a href=\"https:\/\/kjerumgaard.com\/videoproduktion\/\" target=\"_blank\" rel=\"ugc noopener noreferrer\">Kjerumgaard.com<\/a><\/p>\n<\/div>\n<\/div>\n<\/div>\n<\/div>\n<div class=\"css-15v8mv8\">\u00a0<\/div>","protected":false},"excerpt":{"rendered":"<p>I denne episode 2 af Den politiske pub, taler Martin Geertsen og Jacob Kjerumgaard bl.a. om situationen i Ukraine, om regeringens sundhedsudspil og om hvad der egentlig sker p\u00e5 K\u00f8benhavns R\u00e5dhus. Som omtalt i podcasten, havde Zelenskyj den Ukrainske pr\u00e6sident et online m\u00f8de med kongressen i USA. P\u00e5 det m\u00f8de, brugte Zelenskyj en del af [&hellip;]<\/p>\n","protected":false},"author":1,"featured_media":401,"comment_status":"open","ping_status":"open","sticky":false,"template":"","format":"standard","meta":{"tdm_status":"","tdm_grid_status":"","footnotes":""},"categories":[17],"tags":[66,37],"class_list":{"0":"post-400","1":"post","2":"type-post","3":"status-publish","4":"format-standard","5":"has-post-thumbnail","7":"category-podcast","8":"tag-den-politisk-pub","9":"tag-podcast"},"_links":{"self":[{"href":"https:\/\/kjerumgaard.com\/blog\/wp-json\/wp\/v2\/posts\/400","targetHints":{"allow":["GET"]}}],"collection":[{"href":"https:\/\/kjerumgaard.com\/blog\/wp-json\/wp\/v2\/posts"}],"about":[{"href":"https:\/\/kjerumgaard.com\/blog\/wp-json\/wp\/v2\/types\/post"}],"author":[{"embeddable":true,"href":"https:\/\/kjerumgaard.com\/blog\/wp-json\/wp\/v2\/users\/1"}],"replies":[{"embeddable":true,"href":"https:\/\/kjerumgaard.com\/blog\/wp-json\/wp\/v2\/comments?post=400"}],"version-history":[{"count":5,"href":"https:\/\/kjerumgaard.com\/blog\/wp-json\/wp\/v2\/posts\/400\/revisions"}],"predecessor-version":[{"id":407,"href":"https:\/\/kjerumgaard.com\/blog\/wp-json\/wp\/v2\/posts\/400\/revisions\/407"}],"wp:featuredmedia":[{"embeddable":true,"href":"https:\/\/kjerumgaard.com\/blog\/wp-json\/wp\/v2\/media\/401"}],"wp:attachment":[{"href":"https:\/\/kjerumgaard.com\/blog\/wp-json\/wp\/v2\/media?parent=400"}],"wp:term":[{"taxonomy":"category","embeddable":true,"href":"https:\/\/kjerumgaard.com\/blog\/wp-json\/wp\/v2\/categories?post=400"},{"taxonomy":"post_tag","embeddable":true,"href":"https:\/\/kjerumgaard.com\/blog\/wp-json\/wp\/v2\/tags?post=400"}],"curies":[{"name":"wp","href":"https:\/\/api.w.org\/{rel}","templated":true}]}}